{"id":926,"date":"2014-10-04T18:58:15","date_gmt":"2014-10-04T18:58:15","guid":{"rendered":"http:\/\/frederic-junier.org\/?p=926"},"modified":"2014-10-04T18:58:15","modified_gmt":"2014-10-04T18:58:15","slug":"calendrier-apb","status":"publish","type":"post","link":"https:\/\/frederic-junier.org\/wp\/?p=926","title":{"rendered":"Calendrier APB"},"content":{"rendered":"<p>Ci-dessous le calendrier <a href=\"http:\/\/www.admission-postbac.fr\/\" target=\"_blank\">Admission post-bac<\/a> (APB) 2015 publi\u00e9 par le minist\u00e8re de l&rsquo;Education Nationale :<\/p>\n<p><strong><\/strong><strong>PHASE D&rsquo;INFORMATION ET DE S\u00c9LECTION<\/strong><\/p>\n<p><strong>Lundi 1<sup>er<\/sup> d\u00e9cembre 2014 :<\/strong> ouverture aux candidats  du site (information sur les formations)<\/p>\n<p><strong>A partir du mardi 20 janvier :<\/strong> phase d&rsquo;orientation active<\/p>\n<p><strong>Du mardi 20 janvier au vendredi 20 mars 18 heures :<\/strong> formulation des v\u0153ux par les candidats. Il est possible de changer leur ordre jusqu&rsquo;\u00e0 la fin de mai<\/p>\n<p><strong>Jeudi 2 avril :<\/strong> date limite de modification des dossiers (saisie de notes, lettres de motivation, \u2026), de validation et d&rsquo;impression des fiches de v\u0153ux, et date limite pour l&rsquo;envoi, le cas \u00e9ch\u00e9ant, des dossiers papier par les candidats<\/p>\n<p><strong>Du mardi 5 mai au vendredi 8 mai :<\/strong> consultation par les candidats de la r\u00e9ception par les \u00e9tablissements destinataires de leur(s) dossier(s) de candidature (L&rsquo;information est donn\u00e9e avant cette date pour les saisies d\u00e9j\u00e0 effectu\u00e9es par les \u00e9tablissements)<\/p>\n<p><strong>Dimanche 31 mai :<\/strong> date limite pour classer ses v\u0153ux<\/p>\n<p><strong>A partir du 1<sup>er<\/sup> juin :<\/strong> consultation des fiches p\u00e9dagogiques par les \u00e9l\u00e8ves<\/p>\n<p><strong>PHASES D&rsquo;ADMISSION :<\/strong><\/p>\n<p><strong>lundi 8 juin 14 heures :<\/strong> premi\u00e8re phase<strong><\/strong><\/p>\n<p><strong>13 juin 14 heures :<\/strong> date limite pour les r\u00e9ponse des candidats <\/p>\n<p><strong>15 juin 14 heures :<\/strong> d\u00e9mission des candidats sans r\u00e9ponse<\/p>\n<p><strong> jeudi 25 juin \u00e0 14 heures :<\/strong> deuxi\u00e8me phase<strong>  <\/strong><\/p>\n<p><strong>30 juin 14 heures :<\/strong>  date limite pour la r\u00e9ponse des candidats<\/p>\n<p><strong>2 juillet 14 heures :<\/strong> d\u00e9mission des candidats sans r\u00e9ponse<\/p>\n<p><strong>Mardi 14 juillet \u00e0 14 heures :<\/strong> d\u00e9but de la troisi\u00e8me phase<\/p>\n<p><strong>19 juillet \u00e0 14 heures :<\/strong> date et heure limites pour la r\u00e9ponse des candidats<\/p>\n<p><strong>21 juillet 14 heures :<\/strong> d\u00e9mission des candidats sans r\u00e9ponse<\/p>\n<p><strong>Vendredi 26 juin \u00e0 14 heures :<\/strong> d\u00e9but des v\u0153ux de la proc\u00e9dure d&rsquo;admission compl\u00e9mentaire<\/p>\n<p>Saisie des inscriptions administratives : lors de l&rsquo;inscription administrative des \u00e9l\u00e8ves<\/p>\n<p><strong>15 septembre :<\/strong> fin de la proc\u00e9dure compl\u00e9mentaire et de la gestion des listes d&rsquo;attente<\/p>\n<p>D\u00e9lais de r\u00e9ponse des candidats :<\/p>\n<p>&#8211; une semaine jusqu&rsquo;au 20 ao\u00fbt<\/p>\n<p>&#8211; soixante-douze heures du 20 ao\u00fbt au 31 ao\u00fbt<\/p>\n<p>&#8211; vingt-quatre heures du 1<sup>er<\/sup> et le 15 septembre<\/p>\n<p>Pour l&rsquo;acad\u00e9mie de La R\u00e9union, le d\u00e9lai de r\u00e9ponse passe \u00e0 vingt-quatre heures d\u00e8s le 18 ao\u00fbt.<\/p>\n","protected":false},"excerpt":{"rendered":"<p>Ci-dessous le calendrier Admission post-bac (APB) 2015 publi\u00e9 par le minist\u00e8re de l&rsquo;Education Nationale : PHASE D&rsquo;INFORMATION ET DE S\u00c9LECTION Lundi 1er d\u00e9cembre 2014 : ouverture aux candidats du site (information sur les formations) A partir du mardi 20 janvier : phase d&rsquo;orientation active Du mardi 20 janvier au vendredi 20 mars 18 heures : [&hellip;]<\/p>\n","protected":false},"author":1,"featured_media":0,"comment_status":"closed","ping_status":"open","sticky":false,"template":"","format":"standard","meta":{"footnotes":""},"categories":[5,6],"tags":[],"class_list":["post-926","post","type-post","status-publish","format-standard","hentry","category-blog732","category-blog-isn"],"_links":{"self":[{"href":"https:\/\/frederic-junier.org\/wp\/index.php?rest_route=\/wp\/v2\/posts\/926","targetHints":{"allow":["GET"]}}],"collection":[{"href":"https:\/\/frederic-junier.org\/wp\/index.php?rest_route=\/wp\/v2\/posts"}],"about":[{"href":"https:\/\/frederic-junier.org\/wp\/index.php?rest_route=\/wp\/v2\/types\/post"}],"author":[{"embeddable":true,"href":"https:\/\/frederic-junier.org\/wp\/index.php?rest_route=\/wp\/v2\/users\/1"}],"replies":[{"embeddable":true,"href":"https:\/\/frederic-junier.org\/wp\/index.php?rest_route=%2Fwp%2Fv2%2Fcomments&post=926"}],"version-history":[{"count":1,"href":"https:\/\/frederic-junier.org\/wp\/index.php?rest_route=\/wp\/v2\/posts\/926\/revisions"}],"predecessor-version":[{"id":927,"href":"https:\/\/frederic-junier.org\/wp\/index.php?rest_route=\/wp\/v2\/posts\/926\/revisions\/927"}],"wp:attachment":[{"href":"https:\/\/frederic-junier.org\/wp\/index.php?rest_route=%2Fwp%2Fv2%2Fmedia&parent=926"}],"wp:term":[{"taxonomy":"category","embeddable":true,"href":"https:\/\/frederic-junier.org\/wp\/index.php?rest_route=%2Fwp%2Fv2%2Fcategories&post=926"},{"taxonomy":"post_tag","embeddable":true,"href":"https:\/\/frederic-junier.org\/wp\/index.php?rest_route=%2Fwp%2Fv2%2Ftags&post=926"}],"curies":[{"name":"wp","href":"https:\/\/api.w.org\/{rel}","templated":true}]}}